{"id":1253,"date":"2024-08-22T10:02:08","date_gmt":"2024-08-22T08:02:08","guid":{"rendered":"https:\/\/tukexperience.com\/la-magia-del-folclore-gallego\/"},"modified":"2024-08-22T10:11:12","modified_gmt":"2024-08-22T08:11:12","slug":"la-magia-del-folclore-gallego","status":"publish","type":"post","link":"https:\/\/tukexperience.com\/es\/la-magia-del-folclore-gallego\/","title":{"rendered":"La magia del folclore gallego"},"content":{"rendered":"<p>Celebrar el <strong>folclore gallego <\/strong>es abrazar <strong>un legado rico y vibrante que nos conecta con nuestras ra\u00edces y tradiciones<\/strong>. Es un orgullo preservar y compartir la diversidad cultural de Galicia, desde su m\u00fasica y danzas hasta sus festivales y artesan\u00eda, que juntos tejen el vibrante tapiz de nuestra identidad.<\/p><p>El folclore de Galicia es muy variado, podemos encontrar multitud de formas musicales que habitualmente se acompa\u00f1an de bailes tradicionales. El canto m\u00e1s primitivo que se conoce es el <strong>Alal\u00e1<\/strong>, que se interpreta sin acompa\u00f1amiento de instrumentos. En cambio, el ritmo gallego m\u00e1s caracter\u00edstico es la <strong>Mu\u00f1eira<\/strong>, aunque tambi\u00e9n nos gustar\u00eda destacar otras formas musicales como la <strong>Alborada<\/strong>, los <strong>Pasacalles <\/strong>y <strong>Marchas<\/strong>, las <strong>Pandeiradas<\/strong>, los <strong>Pasodobles<\/strong>, las <strong>Polkas<\/strong>, las <strong>Jotas <\/strong>y los <strong>Cantos<\/strong>.  <\/p><figure class=\"wp-block-image size-large\"><img loading=\"lazy\" decoding=\"async\" width=\"1024\" height=\"682\" src=\"https:\/\/tukexperience.com\/wp-content\/uploads\/2024\/08\/gaiteros-gallegos-27-1024x682.jpg\" alt=\"\" class=\"wp-image-1240\" srcset=\"https:\/\/tukexperience.com\/wp-content\/uploads\/2024\/08\/gaiteros-gallegos-27-1024x682.jpg 1024w, https:\/\/tukexperience.com\/wp-content\/uploads\/2024\/08\/gaiteros-gallegos-27-300x200.jpg 300w, https:\/\/tukexperience.com\/wp-content\/uploads\/2024\/08\/gaiteros-gallegos-27-768x512.jpg 768w, https:\/\/tukexperience.com\/wp-content\/uploads\/2024\/08\/gaiteros-gallegos-27-1536x1023.jpg 1536w, https:\/\/tukexperience.com\/wp-content\/uploads\/2024\/08\/gaiteros-gallegos-27-531x354.jpg 531w, https:\/\/tukexperience.com\/wp-content\/uploads\/2024\/08\/gaiteros-gallegos-27-600x400.jpg 600w, https:\/\/tukexperience.com\/wp-content\/uploads\/2024\/08\/gaiteros-gallegos-27-180x120.jpg 180w, https:\/\/tukexperience.com\/wp-content\/uploads\/2024\/08\/gaiteros-gallegos-27.jpg 1600w\" sizes=\"auto, (max-width: 1024px) 100vw, 1024px\" \/><\/figure><ul class=\"wp-block-list\"><li><strong>Alal\u00e1<\/strong>: consiste en un canto arr\u00edtmico compuesto por coplas octos\u00edlabas y se relaciona con el canto gregoriano.<\/li>\n\n<li><strong>Mu\u00f1eira<\/strong>: encontramos dos tipos, la mu\u00f1eira vella y la mu\u00f1eira nova, la primera se caracteriza por ser cantada y en cambio la segunda es solo instrumental.<\/li>\n\n<li><strong>Alborada<\/strong>: generalmente carecen de letra y su origen se atribuye a los celtas y a sus ritos religiosos al sol.<\/li>\n\n<li><strong>Pasacalles y Marchas: <\/strong>son t\u00edpicas composiciones para tocar mientras se marcha por las calles. Dentro de las marchas, destacan las marchas de car\u00e1cter religioso, como las marchas procesionales. <\/li>\n\n<li><strong>Pandeiradas:<\/strong> canto acompa\u00f1ado de panderos y otros instrumentos de percusi\u00f3n.<\/li>\n\n<li><strong>Pasodobles:<\/strong> Este ritmo es uno de los m\u00e1s extendidos por toda Espa\u00f1a y, por lo tanto, tambi\u00e9n en Galicia, tomando una nueva forma al ser interpretada en la gaita.<\/li>\n\n<li><strong>Polkas:<\/strong> se extendi\u00f3 por Galicia en el siglo XIX principalmente, procedente de Europa.<\/li>\n\n<li><strong>Jotas: <\/strong>otro de los ritmos m\u00e1s extendidos por Espa\u00f1a, principalmente en Castilla y Le\u00f3n.<\/li>\n\n<li><strong>Cantos: <\/strong>canciones interpretadas con la voz y que son caracter\u00edsticas de ciertas \u00e9pocas del a\u00f1o (Navidad, Mayos, &#8230;), por acontecimientos sociales (bodas, rondas, &#8230;) o bien cantos de oficios.<\/li><\/ul><p>En muchos de estos ritmos tradicionales encontramos instrumentos como la gaita y la pandereta. Cabe destacar que, al pensar en el territorio de Galicia, a todo el mundo se le viene a la mente las gaitas gallegas y sus melod\u00edas ancestrales.  <\/p><p>Por ello, queremos dar la importancia que se merece a este instrumento tan especial y a los gaiteros que mantienen esta tradici\u00f3n.<\/p><p><\/p><p><\/p><h2 class=\"wp-block-heading\">Gaiteros Gallegos<\/h2><p><\/p><div class=\"wp-block-media-text is-stacked-on-mobile\"><figure class=\"wp-block-media-text__media\"><img loading=\"lazy\" decoding=\"async\" width=\"461\" height=\"1024\" src=\"https:\/\/tukexperience.com\/wp-content\/uploads\/2024\/08\/gaiteros-gallegos-16-461x1024.jpg\" alt=\"\" class=\"wp-image-1250 size-full\" srcset=\"https:\/\/tukexperience.com\/wp-content\/uploads\/2024\/08\/gaiteros-gallegos-16-461x1024.jpg 461w, https:\/\/tukexperience.com\/wp-content\/uploads\/2024\/08\/gaiteros-gallegos-16-135x300.jpg 135w, https:\/\/tukexperience.com\/wp-content\/uploads\/2024\/08\/gaiteros-gallegos-16-691x1536.jpg 691w, https:\/\/tukexperience.com\/wp-content\/uploads\/2024\/08\/gaiteros-gallegos-16-600x1333.jpg 600w, https:\/\/tukexperience.com\/wp-content\/uploads\/2024\/08\/gaiteros-gallegos-16.jpg 720w\" sizes=\"auto, (max-width: 461px) 100vw, 461px\" \/><\/figure><div class=\"wp-block-media-text__content\"><p><strong>Gaiteros gallegos<\/strong> es una formaci\u00f3n de m\u00fasica tradicional creada en 1990 en A Coru\u00f1a, por Tania Fern\u00e1ndez, con el objetivo de llevar el folclore gallego a todo tipo de eventos, constituido inicialmente como un cuarteto de m\u00fasica tradicional. Actualmente ofrece diferentes formaciones y espect\u00e1culos, lo que les permite desarrollar su labor de difusi\u00f3n de la cultura gallega por toda Espa\u00f1a, siempre enfocados en la m\u00fasica tradicional y la cultura gallega.<\/p><\/div><\/div><h3 class=\"wp-block-heading\">Vestimenta e instrumentos<\/h3><p>Su vestimenta consiste en trajes gallegos de gala, y los instrumentos que utilizan son gaitas gallegas, tambor, pandereta y bombo principalmente.<\/p><figure class=\"wp-block-gallery has-nested-images columns-default is-cropped wp-block-gallery-1 is-layout-flex wp-block-gallery-is-layout-flex\"><figure class=\"wp-block-image size-large\"><img loading=\"lazy\" decoding=\"async\" width=\"1024\" height=\"682\" data-id=\"1232\" src=\"https:\/\/tukexperience.com\/wp-content\/uploads\/2024\/08\/gaiteros-gallegos-21-1024x682.jpg\" alt=\"\" class=\"wp-image-1232\" srcset=\"https:\/\/tukexperience.com\/wp-content\/uploads\/2024\/08\/gaiteros-gallegos-21-1024x682.jpg 1024w, https:\/\/tukexperience.com\/wp-content\/uploads\/2024\/08\/gaiteros-gallegos-21-300x200.jpg 300w, https:\/\/tukexperience.com\/wp-content\/uploads\/2024\/08\/gaiteros-gallegos-21-768x512.jpg 768w, https:\/\/tukexperience.com\/wp-content\/uploads\/2024\/08\/gaiteros-gallegos-21-1536x1023.jpg 1536w, https:\/\/tukexperience.com\/wp-content\/uploads\/2024\/08\/gaiteros-gallegos-21-531x354.jpg 531w, https:\/\/tukexperience.com\/wp-content\/uploads\/2024\/08\/gaiteros-gallegos-21-600x400.jpg 600w, https:\/\/tukexperience.com\/wp-content\/uploads\/2024\/08\/gaiteros-gallegos-21-180x120.jpg 180w, https:\/\/tukexperience.com\/wp-content\/uploads\/2024\/08\/gaiteros-gallegos-21.jpg 1600w\" sizes=\"auto, (max-width: 1024px) 100vw, 1024px\" \/><\/figure>\n\n<figure class=\"wp-block-image size-large\"><img loading=\"lazy\" decoding=\"async\" width=\"1024\" height=\"682\" data-id=\"1234\" src=\"https:\/\/tukexperience.com\/wp-content\/uploads\/2024\/08\/gaiteros-gallegos-22-1024x682.jpg\" alt=\"\" class=\"wp-image-1234\" srcset=\"https:\/\/tukexperience.com\/wp-content\/uploads\/2024\/08\/gaiteros-gallegos-22-1024x682.jpg 1024w, https:\/\/tukexperience.com\/wp-content\/uploads\/2024\/08\/gaiteros-gallegos-22-300x200.jpg 300w, https:\/\/tukexperience.com\/wp-content\/uploads\/2024\/08\/gaiteros-gallegos-22-768x512.jpg 768w, https:\/\/tukexperience.com\/wp-content\/uploads\/2024\/08\/gaiteros-gallegos-22-1536x1023.jpg 1536w, https:\/\/tukexperience.com\/wp-content\/uploads\/2024\/08\/gaiteros-gallegos-22-531x354.jpg 531w, https:\/\/tukexperience.com\/wp-content\/uploads\/2024\/08\/gaiteros-gallegos-22-600x400.jpg 600w, https:\/\/tukexperience.com\/wp-content\/uploads\/2024\/08\/gaiteros-gallegos-22-180x120.jpg 180w, https:\/\/tukexperience.com\/wp-content\/uploads\/2024\/08\/gaiteros-gallegos-22.jpg 1600w\" sizes=\"auto, (max-width: 1024px) 100vw, 1024px\" \/><\/figure>\n\n<figure class=\"wp-block-image size-large\"><img loading=\"lazy\" decoding=\"async\" width=\"1024\" height=\"682\" data-id=\"1230\" src=\"https:\/\/tukexperience.com\/wp-content\/uploads\/2024\/08\/gaiteros-gallegos-20-1024x682.jpg\" alt=\"\" class=\"wp-image-1230\" srcset=\"https:\/\/tukexperience.com\/wp-content\/uploads\/2024\/08\/gaiteros-gallegos-20-1024x682.jpg 1024w, https:\/\/tukexperience.com\/wp-content\/uploads\/2024\/08\/gaiteros-gallegos-20-300x200.jpg 300w, https:\/\/tukexperience.com\/wp-content\/uploads\/2024\/08\/gaiteros-gallegos-20-768x512.jpg 768w, https:\/\/tukexperience.com\/wp-content\/uploads\/2024\/08\/gaiteros-gallegos-20-1536x1023.jpg 1536w, https:\/\/tukexperience.com\/wp-content\/uploads\/2024\/08\/gaiteros-gallegos-20-531x354.jpg 531w, https:\/\/tukexperience.com\/wp-content\/uploads\/2024\/08\/gaiteros-gallegos-20-600x400.jpg 600w, https:\/\/tukexperience.com\/wp-content\/uploads\/2024\/08\/gaiteros-gallegos-20-180x120.jpg 180w, https:\/\/tukexperience.com\/wp-content\/uploads\/2024\/08\/gaiteros-gallegos-20.jpg 1600w\" sizes=\"auto, (max-width: 1024px) 100vw, 1024px\" \/><\/figure><\/figure><p><\/p><h3 class=\"wp-block-heading\">Eventos<\/h3><p>Son una formaci\u00f3n especializada en bodas y eventos con cobertura nacional.<\/p><p>Entre los espect\u00e1culos que ofrecen, adem\u00e1s de formatos de m\u00fasica tradicional, cuartetos, o formatos m\u00e1s numerosos, ofrecen formaciones de pandereteiras y cantereiras (agrupaci\u00f3n musical femenina, cuyo \u00fanico instrumento es la pandereta y su voz), o pareja de baile, con el objetivo de que la m\u00fasica tradicional acompa\u00f1e y d\u00e9 color a cualquier momento de la ceremonia o evento.<\/p><p>Adem\u00e1s, su grupo de baile tambi\u00e9n interpreta en Baile de Regueifa, un baile tradicional gallego derivado de la antigua mui\u00f1eira. Se bailaba en las bodas, y generalmente era un baile realizado por los novios o padrinos, para repartir una broa de pan (la regueifa) entre los invitados. De esta forma la pareja era presentada y aceptada en sociedad.  <\/p><p>Realizan adem\u00e1s conciertos did\u00e1cticos para ni\u00f1os en colegios y centros escolares, para acercar y dar a conocer a los m\u00e1s peque\u00f1os, los instrumentos, las tradiciones y la cultura gallega.<\/p><p>Otro de los espect\u00e1culos que ofrecen es la realizaci\u00f3n de queimadas teatralizadas, donde tras realizar el tradicional conxuro, y la degustaci\u00f3n, amenizan el espect\u00e1culo con m\u00fasica tradicional. Mientras el fuego consigue purificar el aguardiente, todos los asistentes ayudar\u00e1n a realizar el conxuro, para as\u00ed expulsar a todas las \u201cmeigas\u201d y malos esp\u00edritus. <\/p><p>Por \u00faltimo, entre los m\u00faltiples servicios que ofrecen podemos encontrar un servicio exclusivo de recepci\u00f3n de peregrinos a su llegada a la Plaza del Obradoiro al finalizar el Camino de Santiago, formaciones de gaiteros asturianos, e interpretaciones de m\u00fasica medieval, barroca y del siglo de oro.<\/p><figure class=\"wp-block-gallery has-nested-images columns-default is-cropped wp-block-gallery-2 is-layout-flex wp-block-gallery-is-layout-flex\"><figure class=\"wp-block-image size-large\"><img loading=\"lazy\" decoding=\"async\" width=\"1024\" height=\"683\" data-id=\"1244\" src=\"https:\/\/tukexperience.com\/wp-content\/uploads\/2024\/08\/gaiteros-gallegos-1-1024x683.jpg\" alt=\"\" class=\"wp-image-1244\" srcset=\"https:\/\/tukexperience.com\/wp-content\/uploads\/2024\/08\/gaiteros-gallegos-1-1024x683.jpg 1024w, https:\/\/tukexperience.com\/wp-content\/uploads\/2024\/08\/gaiteros-gallegos-1-300x200.jpg 300w, https:\/\/tukexperience.com\/wp-content\/uploads\/2024\/08\/gaiteros-gallegos-1-768x512.jpg 768w, https:\/\/tukexperience.com\/wp-content\/uploads\/2024\/08\/gaiteros-gallegos-1-1536x1024.jpg 1536w, https:\/\/tukexperience.com\/wp-content\/uploads\/2024\/08\/gaiteros-gallegos-1-531x354.jpg 531w, https:\/\/tukexperience.com\/wp-content\/uploads\/2024\/08\/gaiteros-gallegos-1-600x400.jpg 600w, https:\/\/tukexperience.com\/wp-content\/uploads\/2024\/08\/gaiteros-gallegos-1-180x120.jpg 180w, https:\/\/tukexperience.com\/wp-content\/uploads\/2024\/08\/gaiteros-gallegos-1.jpg 1600w\" sizes=\"auto, (max-width: 1024px) 100vw, 1024px\" \/><\/figure>\n\n<figure class=\"wp-block-image size-large\"><img loading=\"lazy\" decoding=\"async\" width=\"656\" height=\"1024\" data-id=\"1246\" src=\"https:\/\/tukexperience.com\/wp-content\/uploads\/2024\/08\/gaiteros-gallegos-4-656x1024.jpg\" alt=\"\" class=\"wp-image-1246\" srcset=\"https:\/\/tukexperience.com\/wp-content\/uploads\/2024\/08\/gaiteros-gallegos-4-656x1024.jpg 656w, https:\/\/tukexperience.com\/wp-content\/uploads\/2024\/08\/gaiteros-gallegos-4-192x300.jpg 192w, https:\/\/tukexperience.com\/wp-content\/uploads\/2024\/08\/gaiteros-gallegos-4-768x1199.jpg 768w, https:\/\/tukexperience.com\/wp-content\/uploads\/2024\/08\/gaiteros-gallegos-4-984x1536.jpg 984w, https:\/\/tukexperience.com\/wp-content\/uploads\/2024\/08\/gaiteros-gallegos-4-600x937.jpg 600w, https:\/\/tukexperience.com\/wp-content\/uploads\/2024\/08\/gaiteros-gallegos-4.jpg 1025w\" sizes=\"auto, (max-width: 656px) 100vw, 656px\" \/><\/figure>\n\n<figure class=\"wp-block-image size-large\"><img loading=\"lazy\" decoding=\"async\" width=\"606\" height=\"406\" data-id=\"1248\" src=\"https:\/\/tukexperience.com\/wp-content\/uploads\/2024\/08\/gaiteros-gallegos-10.jpg\" alt=\"\" class=\"wp-image-1248\" srcset=\"https:\/\/tukexperience.com\/wp-content\/uploads\/2024\/08\/gaiteros-gallegos-10.jpg 606w, https:\/\/tukexperience.com\/wp-content\/uploads\/2024\/08\/gaiteros-gallegos-10-300x201.jpg 300w, https:\/\/tukexperience.com\/wp-content\/uploads\/2024\/08\/gaiteros-gallegos-10-600x402.jpg 600w, https:\/\/tukexperience.com\/wp-content\/uploads\/2024\/08\/gaiteros-gallegos-10-180x120.jpg 180w\" sizes=\"auto, (max-width: 606px) 100vw, 606px\" \/><\/figure>\n\n<figure class=\"wp-block-image size-large\"><img loading=\"lazy\" decoding=\"async\" width=\"1024\" height=\"646\" data-id=\"1242\" src=\"https:\/\/tukexperience.com\/wp-content\/uploads\/2024\/08\/gaiteros-gallegos-29-1024x646.jpg\" alt=\"\" class=\"wp-image-1242\" srcset=\"https:\/\/tukexperience.com\/wp-content\/uploads\/2024\/08\/gaiteros-gallegos-29-1024x646.jpg 1024w, https:\/\/tukexperience.com\/wp-content\/uploads\/2024\/08\/gaiteros-gallegos-29-300x189.jpg 300w, https:\/\/tukexperience.com\/wp-content\/uploads\/2024\/08\/gaiteros-gallegos-29-768x485.jpg 768w, https:\/\/tukexperience.com\/wp-content\/uploads\/2024\/08\/gaiteros-gallegos-29-1536x970.jpg 1536w, https:\/\/tukexperience.com\/wp-content\/uploads\/2024\/08\/gaiteros-gallegos-29-600x379.jpg 600w, https:\/\/tukexperience.com\/wp-content\/uploads\/2024\/08\/gaiteros-gallegos-29.jpg 1600w\" sizes=\"auto, (max-width: 1024px) 100vw, 1024px\" \/><\/figure><\/figure><p><\/p><h3 class=\"wp-block-heading\"><strong>Contacto Gaiteros Gallegos:<\/strong><\/h3><ul class=\"wp-block-list\"><li><a href=\"http:\/\/www.gaiterosgallegos.com\"><\/a><a href=\"http:\/\/www.gaiterosgallegos.com\">www.gaiterosgallegos.com<\/a><\/li>\n\n<li>E-mail: <a href=\"mailto:gaiterosgallegos@gmail.com\">gaiterosgallegos@gmail.com<\/a><\/li>\n\n<li>+34 611 10 71 17<\/li>\n\n<li>Instagram: @gaiterosgallegos<\/li>\n\n<li>YouTube: Gaiteros Gallegos<\/li><\/ul>","protected":false},"excerpt":{"rendered":"<p>Celebrar el folclore gallego es abrazar un legado rico y vibrante que nos conecta con nuestras ra\u00edces y tradiciones. Es un orgullo preservar y compartir la diversidad cultural de Galicia, desde su m\u00fasica y danzas hasta sus festivales y artesan\u00eda, que juntos tejen el vibrante tapiz de nuestra identidad. El folclore de Galicia es muy<\/p>\n<div class=\"padding-top text-center\"><a href=\"https:\/\/tukexperience.com\/es\/la-magia-del-folclore-gallego\/\" class=\"atbtn atbtn--medium atbtn--rounded atbtn--transparent\">Read more<i class=\"atbtn__icon atbtn__icon--right fa fa-long-arrow-right\"><\/i><\/a><\/div>\n","protected":false},"author":6,"featured_media":1237,"comment_status":"closed","ping_status":"open","sticky":false,"template":"","format":"standard","meta":{"footnotes":""},"categories":[21],"tags":[104,105,116,88,115],"class_list":["post-1253","post","type-post","status-publish","format-standard","has-post-thumbnail","hentry","category-sin-categorizar","tag-a-coruna-3-es","tag-coruna-es","tag-folclore","tag-historia-de-a-coruna-es","tag-musica"],"_links":{"self":[{"href":"https:\/\/tukexperience.com\/es\/wp-json\/wp\/v2\/posts\/1253","targetHints":{"allow":["GET"]}}],"collection":[{"href":"https:\/\/tukexperience.com\/es\/wp-json\/wp\/v2\/posts"}],"about":[{"href":"https:\/\/tukexperience.com\/es\/wp-json\/wp\/v2\/types\/post"}],"author":[{"embeddable":true,"href":"https:\/\/tukexperience.com\/es\/wp-json\/wp\/v2\/users\/6"}],"replies":[{"embeddable":true,"href":"https:\/\/tukexperience.com\/es\/wp-json\/wp\/v2\/comments?post=1253"}],"version-history":[{"count":1,"href":"https:\/\/tukexperience.com\/es\/wp-json\/wp\/v2\/posts\/1253\/revisions"}],"predecessor-version":[{"id":1254,"href":"https:\/\/tukexperience.com\/es\/wp-json\/wp\/v2\/posts\/1253\/revisions\/1254"}],"wp:featuredmedia":[{"embeddable":true,"href":"https:\/\/tukexperience.com\/es\/wp-json\/wp\/v2\/media\/1237"}],"wp:attachment":[{"href":"https:\/\/tukexperience.com\/es\/wp-json\/wp\/v2\/media?parent=1253"}],"wp:term":[{"taxonomy":"category","embeddable":true,"href":"https:\/\/tukexperience.com\/es\/wp-json\/wp\/v2\/categories?post=1253"},{"taxonomy":"post_tag","embeddable":true,"href":"https:\/\/tukexperience.com\/es\/wp-json\/wp\/v2\/tags?post=1253"}],"curies":[{"name":"wp","href":"https:\/\/api.w.org\/{rel}","templated":true}]}}